{"id":4599,"date":"2025-05-06T19:29:35","date_gmt":"2025-05-06T19:29:35","guid":{"rendered":"http:\/\/ppgdin.uff.br\/?p=4599"},"modified":"2025-05-06T19:29:35","modified_gmt":"2025-05-06T19:29:35","slug":"encerramento-do-pos-doutorado-2024-ppgdin-uff","status":"publish","type":"post","link":"http:\/\/ppgdin.uff.br\/?p=4599","title":{"rendered":"Encerramento do P\u00f3s-Doutorado 2024 &#8211; PPGDIN UFF"},"content":{"rendered":"\n<p class=\"has-medium-font-size\">No \u00faltimo dia 28 de abril de 2025, \u00e0s 14 horas, no Audit\u00f3rio Desembargador Paulo Roberto Leite Ventura, na Escola de Magistratura do Estado do Rio de Janeiro &#8211; EMERJ foi realizada a entrega de certificados dos concluintes do est\u00e1gio de p\u00f3s doutoramento em Direito de 2024.<\/p>\n\n\n\n<p class=\"has-medium-font-size\">Foi, tamb\u00e9m, realizado o lan\u00e7amento da obra &#8220;Colet\u00e2nea de Estudos Avan\u00e7ados em Direito&#8221;, onde est\u00e3o publicadas as pesquisas realizadas pelos participantes (dispon\u00edvel no menu Produ\u00e7\u00e3o Cient\u00edfica em &#8220;Livros&#8221;).<\/p>\n\n\n\n<figure class=\"wp-block-image size-full\"><img loading=\"lazy\" decoding=\"async\" width=\"1005\" height=\"995\" src=\"http:\/\/ppgdin.uff.br\/wp-content\/uploads\/sites\/5\/2025\/05\/turma-ano-2024.jpeg\" alt=\"\" class=\"wp-image-4600\" srcset=\"http:\/\/ppgdin.uff.br\/wp-content\/uploads\/sites\/5\/2025\/05\/turma-ano-2024.jpeg 1005w, http:\/\/ppgdin.uff.br\/wp-content\/uploads\/sites\/5\/2025\/05\/turma-ano-2024-300x297.jpeg 300w, http:\/\/ppgdin.uff.br\/wp-content\/uploads\/sites\/5\/2025\/05\/turma-ano-2024-150x150.jpeg 150w, http:\/\/ppgdin.uff.br\/wp-content\/uploads\/sites\/5\/2025\/05\/turma-ano-2024-768x760.jpeg 768w\" sizes=\"auto, (max-width: 1005px) 100vw, 1005px\" \/><\/figure>\n","protected":false},"excerpt":{"rendered":"<p>No \u00faltimo dia 28 de abril de 2025, \u00e0s 14 horas, no Audit\u00f3rio Desembargador Paulo Roberto Leite Ventura, na Escola de Magistratura do Estado do Rio de Janeiro &#8211; EMERJ foi realizada a entrega de certificados dos concluintes do est\u00e1gio de p\u00f3s doutoramento em Direito de 2024. Foi, tamb\u00e9m, realizado o lan\u00e7amento da obra &#8220;Colet\u00e2nea [&hellip;]<\/p>\n","protected":false},"author":5,"featured_media":0,"comment_status":"closed","ping_status":"closed","sticky":false,"template":"","format":"standard","meta":{"_exactmetrics_skip_tracking":false,"_exactmetrics_sitenote_active":false,"_exactmetrics_sitenote_note":"","_exactmetrics_sitenote_category":0,"footnotes":""},"categories":[12,4],"tags":[],"class_list":["post-4599","post","type-post","status-publish","format-standard","hentry","category-eventos","category-noticias"],"_links":{"self":[{"href":"http:\/\/ppgdin.uff.br\/index.php?rest_route=\/wp\/v2\/posts\/4599","targetHints":{"allow":["GET"]}}],"collection":[{"href":"http:\/\/ppgdin.uff.br\/index.php?rest_route=\/wp\/v2\/posts"}],"about":[{"href":"http:\/\/ppgdin.uff.br\/index.php?rest_route=\/wp\/v2\/types\/post"}],"author":[{"embeddable":true,"href":"http:\/\/ppgdin.uff.br\/index.php?rest_route=\/wp\/v2\/users\/5"}],"replies":[{"embeddable":true,"href":"http:\/\/ppgdin.uff.br\/index.php?rest_route=%2Fwp%2Fv2%2Fcomments&post=4599"}],"version-history":[{"count":1,"href":"http:\/\/ppgdin.uff.br\/index.php?rest_route=\/wp\/v2\/posts\/4599\/revisions"}],"predecessor-version":[{"id":4601,"href":"http:\/\/ppgdin.uff.br\/index.php?rest_route=\/wp\/v2\/posts\/4599\/revisions\/4601"}],"wp:attachment":[{"href":"http:\/\/ppgdin.uff.br\/index.php?rest_route=%2Fwp%2Fv2%2Fmedia&parent=4599"}],"wp:term":[{"taxonomy":"category","embeddable":true,"href":"http:\/\/ppgdin.uff.br\/index.php?rest_route=%2Fwp%2Fv2%2Fcategories&post=4599"},{"taxonomy":"post_tag","embeddable":true,"href":"http:\/\/ppgdin.uff.br\/index.php?rest_route=%2Fwp%2Fv2%2Ftags&post=4599"}],"curies":[{"name":"wp","href":"https:\/\/api.w.org\/{rel}","templated":true}]}}